{"id":1613,"date":"2026-04-29T19:00:00","date_gmt":"2026-04-29T17:00:00","guid":{"rendered":"https:\/\/toros-en-vic.fr\/?p=1613"},"modified":"2026-04-15T14:16:27","modified_gmt":"2026-04-15T12:16:27","slug":"le-lot-de-miura-en-video","status":"publish","type":"post","link":"https:\/\/toros-en-vic.fr\/es\/2026\/04\/29\/le-lot-de-miura-en-video\/","title":{"rendered":"Le lot de Miura en vid\u00e9o"},"content":{"rendered":"<figure class=\"wp-block-embed is-type-video is-provider-vimeo wp-block-embed-vimeo wp-embed-aspect-16-9 wp-has-aspect-ratio\"><div class=\"wp-block-embed__wrapper\">\n<iframe title=\"Corrida de MIURA\" src=\"https:\/\/player.vimeo.com\/video\/1179902273?dnt=1&amp;app_id=122963\" width=\"800\" height=\"450\" frameborder=\"0\" allow=\"autoplay; fullscreen; picture-in-picture; clipboard-write; encrypted-media; web-share\" referrerpolicy=\"strict-origin-when-cross-origin\"><\/iframe>\n<\/div><\/figure>\n\n\n\n<p>Lundi 25 mai 17h00<\/p>\n\n\n\n<p>6 toros de <strong>MIURA<\/strong> pour <strong>Pepe MORAL<\/strong> &#8211; <strong>Dami\u00e1n CASTA\u00d1O<\/strong> et <strong>G\u00f3mez DEL PILAR<\/strong><\/p>\n\n\n\n<p>\ud835\udc05\ud835\udc04\ud835\udc11\ud835\udc08\ud835\udc00 \ud835\udc03\ud835\udc04\ud835\udc0b \ud835\udc13\ud835\udc0e\ud835\udc11\ud835\udc0e 2026<\/p>\n\n\n\n<p>\ud83d\udcf1 (+33) 5 62 06 56 55<\/p>\n\n\n\n<p>\ud83d\udce7 ctv@clubtaurinvicois.com<\/p>\n\n\n\n<div class=\"wp-block-buttons is-layout-flex wp-block-buttons-is-layout-flex\">\n<div class=\"wp-block-button\"><a class=\"wp-block-button__link wp-element-button\" href=\"https:\/\/toros-en-vic.notre-billetterie.fr\/billets?kld=2026\" target=\"_blank\" rel=\"noopener\">Compro mis entradas<\/a><\/div>\n<\/div>\n\n\n\n<p><\/p>\n\n\n\n<div class=\"wp-block-buttons is-layout-flex wp-block-buttons-is-layout-flex\">\n<div class=\"wp-block-button\"><a class=\"wp-block-button__link wp-element-button\" href=\"https:\/\/toros-en-vic.notre-billetterie.fr\/abonnements\/?abo=feria2026\" target=\"_blank\" rel=\"noopener\">Compro mi abono<\/a><\/div>\n<\/div>\n\n\n\n<p><\/p>","protected":false},"excerpt":{"rendered":"<p>Lundi 25 mai 17h00 6 toros de MIURA pour Pepe MORAL &#8211; Dami\u00e1n CASTA\u00d1O et G\u00f3mez DEL PILAR \ud835\udc05\ud835\udc04\ud835\udc11\ud835\udc08\ud835\udc00 \ud835\udc03\ud835\udc04\ud835\udc0b \ud835\udc13\ud835\udc0e\ud835\udc11\ud835\udc0e 2026 \ud83d\udcf1 (+33) 5 62 06 56 55 \ud83d\udce7 ctv@clubtaurinvicois.com<\/p>","protected":false},"author":1,"featured_media":1614,"comment_status":"closed","ping_status":"closed","sticky":false,"template":"","format":"standard","meta":{"_acf_changed":false,"footnotes":""},"categories":[1],"tags":[],"class_list":["post-1613","post","type-post","status-publish","format-standard","has-post-thumbnail","hentry","category-non-classe"],"acf":[],"_links":{"self":[{"href":"https:\/\/toros-en-vic.fr\/es\/wp-json\/wp\/v2\/posts\/1613","targetHints":{"allow":["GET"]}}],"collection":[{"href":"https:\/\/toros-en-vic.fr\/es\/wp-json\/wp\/v2\/posts"}],"about":[{"href":"https:\/\/toros-en-vic.fr\/es\/wp-json\/wp\/v2\/types\/post"}],"author":[{"embeddable":true,"href":"https:\/\/toros-en-vic.fr\/es\/wp-json\/wp\/v2\/users\/1"}],"replies":[{"embeddable":true,"href":"https:\/\/toros-en-vic.fr\/es\/wp-json\/wp\/v2\/comments?post=1613"}],"version-history":[{"count":1,"href":"https:\/\/toros-en-vic.fr\/es\/wp-json\/wp\/v2\/posts\/1613\/revisions"}],"predecessor-version":[{"id":1616,"href":"https:\/\/toros-en-vic.fr\/es\/wp-json\/wp\/v2\/posts\/1613\/revisions\/1616"}],"wp:featuredmedia":[{"embeddable":true,"href":"https:\/\/toros-en-vic.fr\/es\/wp-json\/wp\/v2\/media\/1614"}],"wp:attachment":[{"href":"https:\/\/toros-en-vic.fr\/es\/wp-json\/wp\/v2\/media?parent=1613"}],"wp:term":[{"taxonomy":"category","embeddable":true,"href":"https:\/\/toros-en-vic.fr\/es\/wp-json\/wp\/v2\/categories?post=1613"},{"taxonomy":"post_tag","embeddable":true,"href":"https:\/\/toros-en-vic.fr\/es\/wp-json\/wp\/v2\/tags?post=1613"}],"curies":[{"name":"wp","href":"https:\/\/api.w.org\/{rel}","templated":true}]}}